{"id":4964,"date":"2024-06-27T22:15:00","date_gmt":"2024-06-27T20:15:00","guid":{"rendered":"http:\/\/wp1189977.server-he.de\/wp\/?p=4964"},"modified":"2024-06-27T22:15:00","modified_gmt":"2024-06-27T20:15:00","slug":"feuerwehr-unter-neuer-fuehrung-15-01-2016","status":"publish","type":"post","link":"http:\/\/wp1189977.server-he.de\/wp\/?p=4964","title":{"rendered":"Feuerwehr unter neuer F\u00fchrung 15.01.2016"},"content":{"rendered":"\n<h1 class=\"wp-block-heading has-text-color\" style=\"color:#f40707;font-size:26px\"><strong>Freiwillige Feuerwehr Uengershausen unter neuer F\u00fchrung!<\/strong><\/h1>\n\n\n<div class=\"wp-block-image\">\n<figure class=\"aligncenter\"><a href=\"http:\/\/wp1189977.server-he.de\/wp\/wp-content\/uploads\/2010\/04\/5575-1.jpg\"><img decoding=\"async\" loading=\"lazy\" width=\"300\" height=\"276\" src=\"http:\/\/wp1189977.server-he.de\/wp\/wp-content\/uploads\/2010\/04\/5575-1-300x276.jpg\" alt=\"\" class=\"wp-image-2698\" srcset=\"http:\/\/wp1189977.server-he.de\/wp\/wp-content\/uploads\/2010\/04\/5575-1-300x276.jpg 300w, http:\/\/wp1189977.server-he.de\/wp\/wp-content\/uploads\/2010\/04\/5575-1.jpg 520w\" sizes=\"(max-width: 300px) 100vw, 300px\" \/><\/a><figcaption class=\"wp-element-caption\">1. Kommandant Sebastian Adrio und 2. Kommandant Johannes Lang<\/figcaption><\/figure><\/div>\n\n\n<p>In der Jahreshauptversammlung am 15.01.2016 wurde Sebastian Adrio zum 1. Kommandanten und Johannes Lang zum 2. Kommandanten gew\u00e4hlt!<\/p>\n\n\n\n<p>Herzlichen Gl\u00fcckwunsch zur Wahl.<\/p>\n\n\n\n<p>.<\/p>\n\n\n\n<h1 class=\"wp-block-heading has-text-align-center has-text-color\" style=\"color:#992525;font-size:26px\"><strong>DANKE, Klaus!<\/strong><\/h1>\n\n\n<div class=\"wp-block-image\">\n<figure class=\"aligncenter\"><a href=\"http:\/\/wp1189977.server-he.de\/wp\/wp-content\/uploads\/2010\/04\/5581-1.jpg\"><img decoding=\"async\" src=\"http:\/\/wp1189977.server-he.de\/wp\/wp-content\/uploads\/2010\/04\/5581-1-300x285.jpg\" alt=\"\" class=\"wp-image-2700\"\/><\/a><figcaption class=\"wp-element-caption\">1. Vorstand Hans Bruder dankte Klaus Veeh f\u00fcr seine langj\u00e4hrige Dienstzeit und \u00fcberreichte ihm im Namen der Feuerwehr einen gro\u00dfen Geschenkkorb!<\/figcaption><\/figure><\/div>\n\n<div class=\"wp-block-image\">\n<figure class=\"alignleft\"><a href=\"http:\/\/wp1189977.server-he.de\/wp\/wp-content\/uploads\/2010\/04\/5576-1.jpg\"><img decoding=\"async\" loading=\"lazy\" width=\"173\" height=\"300\" src=\"http:\/\/wp1189977.server-he.de\/wp\/wp-content\/uploads\/2010\/04\/5576-1-173x300.jpg\" alt=\"\" class=\"wp-image-2699\" srcset=\"http:\/\/wp1189977.server-he.de\/wp\/wp-content\/uploads\/2010\/04\/5576-1-173x300.jpg 173w, http:\/\/wp1189977.server-he.de\/wp\/wp-content\/uploads\/2010\/04\/5576-1.jpg 277w\" sizes=\"(max-width: 173px) 100vw, 173px\" \/><\/a><figcaption class=\"wp-element-caption\">B\u00fcrgermeister Stefan Hemmerich dankte Klaus Veeh im Namen des Marktes Reichenberg<\/figcaption><\/figure><\/div>\n\n\n<p>B\u00fcrgermeister Stefan Hemmerich dankte Klaus Veeh im Namen des Marktes Reichenberg<\/p>\n\n\n\n<p>Kamerad Klaus Veeh lie\u00df sich an der diesj\u00e4hrigen Jahreshauptversammlung nicht mehr erneut zur Wahl des 1. Kommandanten aufstellen. Er beendet seine Karriere als F\u00fchrungskraft der Feuerwehr Uengershausen nach 31 Dienstjahren. Klaus Veeh trat am 01.06.1977 in die Feuerwehr ein, wurde 1984 zum 2. Kommandanten gew\u00e4hlt und somit Stellvertreter des damaligen 1. Kommandanten G\u00fcnther Adrio. 2003 l\u00f6ste er seinen Vorg\u00e4nger Hubert Engelhardt als &nbsp;1. Kommandanten ab. Gemeinsam mit seinem Bruder Andreas Veeh f\u00fchrte er die Wehr bis 2007. Ab 2007 stand dann Sebastian Adrio als 2. Kommandant stets an seiner Seite.<\/p>\n\n\n\n<p>Die Freiwillige Feuerwehr Uengershausen konnte sich in seiner Dienstzeit stets weiterentwickeln. Klaus setzte sich ein f\u00fcr die Beschaffung eines Feuerwehrautos, eines Mannschaftsbusses und f\u00fcr den Umzug in ein neues, modernes Feuerwehrhaus. Als Dankesch\u00f6n f\u00fcr seine langj\u00e4hrige Einsatzbereitschaft \u00fcberreichten wir ihm ein Geschenkkorb. Auch B\u00fcrgermeister Stefan Hemmerich geb\u00fchrte ihm im Auftrag des Marktes Reichenberg Dank f\u00fcr seine langj\u00e4hrige Dienstzeit.<\/p>\n\n\n<div class=\"wp-block-image\">\n<figure class=\"aligncenter\"><a href=\"http:\/\/wp1189977.server-he.de\/wp\/wp-content\/uploads\/2010\/04\/IMG_5572.jpg\"><img decoding=\"async\" loading=\"lazy\" width=\"640\" height=\"480\" src=\"http:\/\/wp1189977.server-he.de\/wp\/wp-content\/uploads\/2010\/04\/IMG_5572.jpg\" alt=\"\" class=\"wp-image-2701\" srcset=\"http:\/\/wp1189977.server-he.de\/wp\/wp-content\/uploads\/2010\/04\/IMG_5572.jpg 640w, http:\/\/wp1189977.server-he.de\/wp\/wp-content\/uploads\/2010\/04\/IMG_5572-300x225.jpg 300w\" sizes=\"(max-width: 640px) 100vw, 640px\" \/><\/a><figcaption class=\"wp-element-caption\">KBI Heiko Drexel, B\u00fcrgermeister Stefan Hemmerich, Erster Kommandant Sebastian Adrio, Klaus Veeh, Zweiter Kommandant Johannes Lang, KBM Dieter Sch\u00f6ll<\/figcaption><\/figure><\/div>","protected":false},"excerpt":{"rendered":"<p>Freiwillige Feuerwehr Uengershausen unter neuer F\u00fchrung! In der Jahreshauptversammlung am 15.01.2016 wurde Sebastian Adrio zum 1. Kommandanten und Johannes Lang zum 2. Kommandanten gew\u00e4hlt! Herzlichen Gl\u00fcckwunsch zur Wahl. . DANKE, Klaus! B\u00fcrgermeister Stefan Hemmerich dankte Klaus Veeh im Namen des &hellip; <a href=\"http:\/\/wp1189977.server-he.de\/wp\/?p=4964\">Weiterlesen <span class=\"meta-nav\">&rarr;<\/span><\/a><\/p>\n","protected":false},"author":8,"featured_media":2700,"comment_status":"closed","ping_status":"closed","sticky":false,"template":"","format":"standard","meta":[],"categories":[1],"tags":[],"_links":{"self":[{"href":"http:\/\/wp1189977.server-he.de\/wp\/index.php?rest_route=\/wp\/v2\/posts\/4964"}],"collection":[{"href":"http:\/\/wp1189977.server-he.de\/wp\/index.php?rest_route=\/wp\/v2\/posts"}],"about":[{"href":"http:\/\/wp1189977.server-he.de\/wp\/index.php?rest_route=\/wp\/v2\/types\/post"}],"author":[{"embeddable":true,"href":"http:\/\/wp1189977.server-he.de\/wp\/index.php?rest_route=\/wp\/v2\/users\/8"}],"replies":[{"embeddable":true,"href":"http:\/\/wp1189977.server-he.de\/wp\/index.php?rest_route=%2Fwp%2Fv2%2Fcomments&post=4964"}],"version-history":[{"count":1,"href":"http:\/\/wp1189977.server-he.de\/wp\/index.php?rest_route=\/wp\/v2\/posts\/4964\/revisions"}],"predecessor-version":[{"id":4966,"href":"http:\/\/wp1189977.server-he.de\/wp\/index.php?rest_route=\/wp\/v2\/posts\/4964\/revisions\/4966"}],"wp:featuredmedia":[{"embeddable":true,"href":"http:\/\/wp1189977.server-he.de\/wp\/index.php?rest_route=\/wp\/v2\/media\/2700"}],"wp:attachment":[{"href":"http:\/\/wp1189977.server-he.de\/wp\/index.php?rest_route=%2Fwp%2Fv2%2Fmedia&parent=4964"}],"wp:term":[{"taxonomy":"category","embeddable":true,"href":"http:\/\/wp1189977.server-he.de\/wp\/index.php?rest_route=%2Fwp%2Fv2%2Fcategories&post=4964"},{"taxonomy":"post_tag","embeddable":true,"href":"http:\/\/wp1189977.server-he.de\/wp\/index.php?rest_route=%2Fwp%2Fv2%2Ftags&post=4964"}],"curies":[{"name":"wp","href":"https:\/\/api.w.org\/{rel}","templated":true}]}}