{"id":4012,"date":"2019-10-12T01:16:07","date_gmt":"2019-10-11T22:16:07","guid":{"rendered":"http:\/\/wp1189977.server-he.de\/wp\/?p=4012"},"modified":"2019-10-12T01:16:07","modified_gmt":"2019-10-11T22:16:07","slug":"dorffest-30-juni-2019","status":"publish","type":"post","link":"http:\/\/wp1189977.server-he.de\/wp\/?p=4012","title":{"rendered":"Dorffest 30. Juni 2019"},"content":{"rendered":"<h2><strong>Infostand der Feuerwehr<\/strong><\/h2>\n<p>&nbsp;<\/p>\n<p><img decoding=\"async\" loading=\"lazy\" class=\" wp-image-4008 alignleft\" src=\"http:\/\/wp1189977.server-he.de\/wp\/wp-content\/uploads\/2019\/10\/IMG_20190630_123942-300x225.jpg\" alt=\"\" width=\"366\" height=\"275\" srcset=\"http:\/\/wp1189977.server-he.de\/wp\/wp-content\/uploads\/2019\/10\/IMG_20190630_123942-300x225.jpg 300w, http:\/\/wp1189977.server-he.de\/wp\/wp-content\/uploads\/2019\/10\/IMG_20190630_123942-768x576.jpg 768w, http:\/\/wp1189977.server-he.de\/wp\/wp-content\/uploads\/2019\/10\/IMG_20190630_123942-1024x768.jpg 1024w\" sizes=\"(max-width: 366px) 100vw, 366px\" \/><img decoding=\"async\" loading=\"lazy\" class=\" wp-image-4010 alignright\" src=\"http:\/\/wp1189977.server-he.de\/wp\/wp-content\/uploads\/2019\/10\/IMG_20190630_155920-225x300.jpg\" alt=\"\" width=\"203\" height=\"271\" srcset=\"http:\/\/wp1189977.server-he.de\/wp\/wp-content\/uploads\/2019\/10\/IMG_20190630_155920-225x300.jpg 225w, http:\/\/wp1189977.server-he.de\/wp\/wp-content\/uploads\/2019\/10\/IMG_20190630_155920-768x1024.jpg 768w\" sizes=\"(max-width: 203px) 100vw, 203px\" \/><\/p>\n<p>&nbsp;<\/p>\n<p>&nbsp;<\/p>\n<p>&nbsp;<\/p>\n<p>&nbsp;<\/p>\n<p>&nbsp;<\/p>\n<p>&nbsp;<\/p>\n<p>&nbsp;<\/p>\n<p>&nbsp;<\/p>\n<p>Am Sonntag, den 30. Juni 2019 fand unser Dorffest statt, auf dem auch die Feuerwehr mit einem Stand vertreten war.<\/p>\n<p>Ger\u00e4tschaften und Einsatzfahrzeug stellten wir hierzu im Hof von Benjamin und Julika Stock aus. Mit der K\u00fcbelspritze konnte man seine Geschicklichkeit am Feuerwehrschlauch testen. F\u00fcr die Mutigen stand eine Atemschutzger\u00e4tetr\u00e4ger-Ausr\u00fcstung zur Verf\u00fcgung, mit der ein Hindernis \u00fcberwunden werden musste. In der Nebelkammer demonstrierten wir die Rauchentwicklung in Geb\u00e4uden, die bei einem Brand die gr\u00f6\u00dfte Gefahr f\u00fcr den Menschen darstellt. Die G\u00e4ste konnten hierbei eindrucksvoll verfolgen, wie die Sicht durch Rauch beeintr\u00e4chtigt wird und wurden ausf\u00fchrlich \u00fcber die Gefahren und Schutzma\u00dfnahmen bei einer Rauchentwicklung von Daniel Dietrich, Florian Kohmann und Oliver Veeh informiert. Der absolute Publikumsmagnet an diesem hei\u00dfem Sommertag war jedoch die historische Badewanne, gef\u00fcllt mit Eisw\u00fcrfeln und k\u00fchlem Wasser, die bei den G\u00e4sten f\u00fcr reichlich Abk\u00fchlung sorgte.<\/p>\n<p><img decoding=\"async\" loading=\"lazy\" class=\" wp-image-4007 alignleft\" src=\"http:\/\/wp1189977.server-he.de\/wp\/wp-content\/uploads\/2019\/10\/IMG_20190630_123930-300x225.jpg\" alt=\"\" width=\"291\" height=\"219\" srcset=\"http:\/\/wp1189977.server-he.de\/wp\/wp-content\/uploads\/2019\/10\/IMG_20190630_123930-300x225.jpg 300w, http:\/\/wp1189977.server-he.de\/wp\/wp-content\/uploads\/2019\/10\/IMG_20190630_123930-768x576.jpg 768w, http:\/\/wp1189977.server-he.de\/wp\/wp-content\/uploads\/2019\/10\/IMG_20190630_123930-1024x768.jpg 1024w\" sizes=\"(max-width: 291px) 100vw, 291px\" \/><\/p>\n<p><img decoding=\"async\" loading=\"lazy\" class=\" wp-image-4009 alignright\" src=\"http:\/\/wp1189977.server-he.de\/wp\/wp-content\/uploads\/2019\/10\/IMG_20190630_123950-300x225.jpg\" alt=\"\" width=\"292\" height=\"219\" srcset=\"http:\/\/wp1189977.server-he.de\/wp\/wp-content\/uploads\/2019\/10\/IMG_20190630_123950-300x225.jpg 300w, http:\/\/wp1189977.server-he.de\/wp\/wp-content\/uploads\/2019\/10\/IMG_20190630_123950-768x576.jpg 768w, http:\/\/wp1189977.server-he.de\/wp\/wp-content\/uploads\/2019\/10\/IMG_20190630_123950-1024x768.jpg 1024w\" sizes=\"(max-width: 292px) 100vw, 292px\" \/><\/p>\n<p>&nbsp;<\/p>\n<p>&nbsp;<\/p>\n<p><img decoding=\"async\" loading=\"lazy\" class=\"aligncenter size-medium wp-image-4005\" src=\"http:\/\/wp1189977.server-he.de\/wp\/wp-content\/uploads\/2019\/10\/IMG_20190630_120709-300x225.jpg\" alt=\"\" width=\"300\" height=\"225\" srcset=\"http:\/\/wp1189977.server-he.de\/wp\/wp-content\/uploads\/2019\/10\/IMG_20190630_120709-300x225.jpg 300w, http:\/\/wp1189977.server-he.de\/wp\/wp-content\/uploads\/2019\/10\/IMG_20190630_120709-768x576.jpg 768w, http:\/\/wp1189977.server-he.de\/wp\/wp-content\/uploads\/2019\/10\/IMG_20190630_120709-1024x768.jpg 1024w\" sizes=\"(max-width: 300px) 100vw, 300px\" \/><\/p>\n<p>&nbsp;<\/p>\n","protected":false},"excerpt":{"rendered":"<p>Infostand der Feuerwehr &nbsp; &nbsp; &nbsp; &nbsp; &nbsp; &nbsp; &nbsp; &nbsp; &nbsp; Am Sonntag, den 30. Juni 2019 fand unser Dorffest statt, auf dem auch die Feuerwehr mit einem Stand vertreten war. Ger\u00e4tschaften und Einsatzfahrzeug stellten wir hierzu im Hof &hellip; <a href=\"http:\/\/wp1189977.server-he.de\/wp\/?p=4012\">Weiterlesen <span class=\"meta-nav\">&rarr;<\/span><\/a><\/p>\n","protected":false},"author":8,"featured_media":0,"comment_status":"closed","ping_status":"closed","sticky":false,"template":"","format":"standard","meta":[],"categories":[1],"tags":[],"_links":{"self":[{"href":"http:\/\/wp1189977.server-he.de\/wp\/index.php?rest_route=\/wp\/v2\/posts\/4012"}],"collection":[{"href":"http:\/\/wp1189977.server-he.de\/wp\/index.php?rest_route=\/wp\/v2\/posts"}],"about":[{"href":"http:\/\/wp1189977.server-he.de\/wp\/index.php?rest_route=\/wp\/v2\/types\/post"}],"author":[{"embeddable":true,"href":"http:\/\/wp1189977.server-he.de\/wp\/index.php?rest_route=\/wp\/v2\/users\/8"}],"replies":[{"embeddable":true,"href":"http:\/\/wp1189977.server-he.de\/wp\/index.php?rest_route=%2Fwp%2Fv2%2Fcomments&post=4012"}],"version-history":[{"count":6,"href":"http:\/\/wp1189977.server-he.de\/wp\/index.php?rest_route=\/wp\/v2\/posts\/4012\/revisions"}],"predecessor-version":[{"id":4018,"href":"http:\/\/wp1189977.server-he.de\/wp\/index.php?rest_route=\/wp\/v2\/posts\/4012\/revisions\/4018"}],"wp:attachment":[{"href":"http:\/\/wp1189977.server-he.de\/wp\/index.php?rest_route=%2Fwp%2Fv2%2Fmedia&parent=4012"}],"wp:term":[{"taxonomy":"category","embeddable":true,"href":"http:\/\/wp1189977.server-he.de\/wp\/index.php?rest_route=%2Fwp%2Fv2%2Fcategories&post=4012"},{"taxonomy":"post_tag","embeddable":true,"href":"http:\/\/wp1189977.server-he.de\/wp\/index.php?rest_route=%2Fwp%2Fv2%2Ftags&post=4012"}],"curies":[{"name":"wp","href":"https:\/\/api.w.org\/{rel}","templated":true}]}}