{"id":3890,"date":"2018-12-01T01:37:54","date_gmt":"2018-11-30T22:37:54","guid":{"rendered":"http:\/\/wp1189977.server-he.de\/wp\/?p=3890"},"modified":"2018-12-01T01:42:01","modified_gmt":"2018-11-30T22:42:01","slug":"atemschutzgeraetetraegerlehrgang-erfolgreich-absolviert","status":"publish","type":"post","link":"http:\/\/wp1189977.server-he.de\/wp\/?p=3890","title":{"rendered":"Atemschutzger\u00e4tetr\u00e4gerlehrgang erfolgreich absolviert"},"content":{"rendered":"<h2><strong>Freudige Gesichter nach einer schwei\u00dftreibenden<\/strong><br \/>\n<strong>und hei\u00dfen Woche.<\/strong><\/h2>\n<p>&nbsp;<\/p>\n<p class=\"wp-caption-text\">F\u00fcr 3 M\u00e4nner der Freiwilligen Feuerwehr Uengershausen endete ein fast 30 st\u00fcndiger Atemschutzger\u00e4tetr\u00e4gerlehrgang des Kreisfeuerwehrverbandes im Feuerwehrzentrum Klingholz.<\/p>\n<p>&nbsp;<\/p>\n<div id=\"attachment_3881\" style=\"width: 310px\" class=\"wp-caption aligncenter\"><img aria-describedby=\"caption-attachment-3881\" decoding=\"async\" loading=\"lazy\" class=\"size-medium wp-image-3881\" src=\"http:\/\/wp1189977.server-he.de\/wp\/wp-content\/uploads\/2018\/12\/WhatsApp-Image-2018-08-30-at-12.25.36-300x225.jpeg\" alt=\"\" width=\"300\" height=\"225\" srcset=\"http:\/\/wp1189977.server-he.de\/wp\/wp-content\/uploads\/2018\/12\/WhatsApp-Image-2018-08-30-at-12.25.36-300x225.jpeg 300w, http:\/\/wp1189977.server-he.de\/wp\/wp-content\/uploads\/2018\/12\/WhatsApp-Image-2018-08-30-at-12.25.36-768x576.jpeg 768w, http:\/\/wp1189977.server-he.de\/wp\/wp-content\/uploads\/2018\/12\/WhatsApp-Image-2018-08-30-at-12.25.36-1024x768.jpeg 1024w, http:\/\/wp1189977.server-he.de\/wp\/wp-content\/uploads\/2018\/12\/WhatsApp-Image-2018-08-30-at-12.25.36.jpeg 1296w\" sizes=\"(max-width: 300px) 100vw, 300px\" \/><p id=\"caption-attachment-3881\" class=\"wp-caption-text\">v.l.n.r. Florian Kohmann, Daniel Dietrich, Tobias Kranz<\/p><\/div>\n<p>&nbsp;<\/p>\n<p>Voraussetzung f\u00fcr diesen Lehrgang ist eine abgeschlossene Feuerwehrgrundausbildung sowie eine \u00e4rztliche Bescheinigung, G 26.3, dass die Einsatzkr\u00e4fte der Belastung die beim Tragen von Atemschutzger\u00e4ten auftreten, gewachsen sind.<\/p>\n<p>In der Woche vom 27.08. bis 30.08.2018, wo sich alle extra Urlaub nahmen, wurde den Teilnehmern Wissen aus den Bereichen Atmung des Menschen, Atemgifte, Atemschutzger\u00e4te, Aufgabenverteilung im Atemschutz, Einsatzgrunds\u00e4tze und Einsatztaktik, sowie Wartung und Pflege von Atemschutzger\u00e4ten vermittelt. Im theoretischen Teil der Abschlusspr\u00fcfung musste ein Fragebogen \u00fcber das vermittelte Wissen beantwortet werden. Der praktische Teil wurde, im sog. Brandhaus der an der staatlichen Feuerwehrschule in W\u00fcrzburg, abgelegt. Hier in unbekannter Umgebung musste das Erlernte in einsatztaktisches K\u00f6nnen umgesetzt werden. Eine besondere Stresssituation bei Feuer, Hitze, Qualm und Rauch, sowie den fast 15 kg schweren Pressluftatmer auf dem R\u00fccken, als es galt Personenrettung im ersten Stock \u00fcber Au\u00dfenleitern zu absolvieren.<\/p>\n<p>Der Lehrgangsleiter, Kreisbrandmeister f\u00fcr den Fachbereich Atemschutz Karsten Ott, \u00fcberreichte zusammen mit Kreisbrandrat Michael Reitzenstein die Zeugnisse.<\/p>\n<p class=\"wp-caption-text\"><em>Hubert Engelhardt, Schriftf\u00fchrer<\/em><\/p>\n<p>&nbsp;<\/p>\n<div id=\"attachment_3886\" style=\"width: 235px\" class=\"wp-caption aligncenter\"><img aria-describedby=\"caption-attachment-3886\" decoding=\"async\" loading=\"lazy\" class=\"size-medium wp-image-3886\" src=\"http:\/\/wp1189977.server-he.de\/wp\/wp-content\/uploads\/2018\/12\/WhatsApp-Image-2018-10-26-at-21.07.56-225x300.jpeg\" alt=\"\" width=\"225\" height=\"300\" srcset=\"http:\/\/wp1189977.server-he.de\/wp\/wp-content\/uploads\/2018\/12\/WhatsApp-Image-2018-10-26-at-21.07.56-225x300.jpeg 225w, http:\/\/wp1189977.server-he.de\/wp\/wp-content\/uploads\/2018\/12\/WhatsApp-Image-2018-10-26-at-21.07.56-768x1024.jpeg 768w, http:\/\/wp1189977.server-he.de\/wp\/wp-content\/uploads\/2018\/12\/WhatsApp-Image-2018-10-26-at-21.07.56.jpeg 1200w\" sizes=\"(max-width: 225px) 100vw, 225px\" \/><p id=\"caption-attachment-3886\" class=\"wp-caption-text\">Atemschutztr\u00e4ger im Einsatz<\/p><\/div>\n<p>&nbsp;<\/p>\n<p>Nachtrag: Als weiteren Kameraden k\u00f6nnen wir auch Oliver Veeh zur erfolgreichen Teilnahme am Atemschutzger\u00e4tetr\u00e4gerlehrgang begl\u00fcckw\u00fcnschen, der den Lehrgang im Abend- bzw. Samstagskurs besuchte und seine Pr\u00fcfung am 05.10.2018 mit Erfolg absolvierte.<\/p>\n<p><strong>Herzlichen Gl\u00fcckwunsch an alle Kameraden zur bestandenen Pr\u00fcfung des Atemschutzger\u00e4tetr\u00e4gerlehrgangs!<\/strong><\/p>\n","protected":false},"excerpt":{"rendered":"<p>Freudige Gesichter nach einer schwei\u00dftreibenden und hei\u00dfen Woche. &nbsp; F\u00fcr 3 M\u00e4nner der Freiwilligen Feuerwehr Uengershausen endete ein fast 30 st\u00fcndiger Atemschutzger\u00e4tetr\u00e4gerlehrgang des Kreisfeuerwehrverbandes im Feuerwehrzentrum Klingholz. &nbsp; &nbsp; Voraussetzung f\u00fcr diesen Lehrgang ist eine abgeschlossene Feuerwehrgrundausbildung sowie eine \u00e4rztliche &hellip; <a href=\"http:\/\/wp1189977.server-he.de\/wp\/?p=3890\">Weiterlesen <span class=\"meta-nav\">&rarr;<\/span><\/a><\/p>\n","protected":false},"author":8,"featured_media":0,"comment_status":"closed","ping_status":"closed","sticky":false,"template":"","format":"standard","meta":[],"categories":[1],"tags":[],"_links":{"self":[{"href":"http:\/\/wp1189977.server-he.de\/wp\/index.php?rest_route=\/wp\/v2\/posts\/3890"}],"collection":[{"href":"http:\/\/wp1189977.server-he.de\/wp\/index.php?rest_route=\/wp\/v2\/posts"}],"about":[{"href":"http:\/\/wp1189977.server-he.de\/wp\/index.php?rest_route=\/wp\/v2\/types\/post"}],"author":[{"embeddable":true,"href":"http:\/\/wp1189977.server-he.de\/wp\/index.php?rest_route=\/wp\/v2\/users\/8"}],"replies":[{"embeddable":true,"href":"http:\/\/wp1189977.server-he.de\/wp\/index.php?rest_route=%2Fwp%2Fv2%2Fcomments&post=3890"}],"version-history":[{"count":3,"href":"http:\/\/wp1189977.server-he.de\/wp\/index.php?rest_route=\/wp\/v2\/posts\/3890\/revisions"}],"predecessor-version":[{"id":3895,"href":"http:\/\/wp1189977.server-he.de\/wp\/index.php?rest_route=\/wp\/v2\/posts\/3890\/revisions\/3895"}],"wp:attachment":[{"href":"http:\/\/wp1189977.server-he.de\/wp\/index.php?rest_route=%2Fwp%2Fv2%2Fmedia&parent=3890"}],"wp:term":[{"taxonomy":"category","embeddable":true,"href":"http:\/\/wp1189977.server-he.de\/wp\/index.php?rest_route=%2Fwp%2Fv2%2Fcategories&post=3890"},{"taxonomy":"post_tag","embeddable":true,"href":"http:\/\/wp1189977.server-he.de\/wp\/index.php?rest_route=%2Fwp%2Fv2%2Ftags&post=3890"}],"curies":[{"name":"wp","href":"https:\/\/api.w.org\/{rel}","templated":true}]}}