{"id":3739,"date":"2018-11-24T18:18:29","date_gmt":"2018-11-24T15:18:29","guid":{"rendered":"http:\/\/wp1189977.server-he.de\/wp\/?p=3739"},"modified":"2018-11-24T18:18:49","modified_gmt":"2018-11-24T15:18:49","slug":"ffw-ausflug-vogling-22-06-2018-bis-24-06-2018","status":"publish","type":"post","link":"http:\/\/wp1189977.server-he.de\/wp\/?p=3739","title":{"rendered":"FFW Ausflug Vogling 22.06.2018 bis 24.06.2018"},"content":{"rendered":"<p><img decoding=\"async\" loading=\"lazy\" class=\"aligncenter size-medium wp-image-3671\" title=\"\" src=\"http:\/\/wp1189977.server-he.de\/wp\/wp-content\/uploads\/2018\/06\/sa001d-300x225.jpg\" sizes=\"(max-width: 300px) 100vw, 300px\" srcset=\"http:\/\/wp1189977.server-he.de\/wp\/wp-content\/uploads\/2018\/06\/sa001d-300x225.jpg 300w, http:\/\/wp1189977.server-he.de\/wp\/wp-content\/uploads\/2018\/06\/sa001d-1024x768.jpg 1024w\" alt=\"\" width=\"300\" height=\"225\" \/><\/p>\n<p>&nbsp;<\/p>\n<p>Die FFW Uengershausen reiste anl\u00e4sslich des 125 j\u00e4hrigen Bestehens der FFW Vogling vom<strong> 22.06.2018 bis 24.06.2018<\/strong> zu unseren Freunden in den sch\u00f6nen Chiemgau. Die Fahrt wurde im Reisebus durchgef\u00fchrt. Wir starteten am Freitag um 09:00 Uhr in Richtung Chiemgau und kehrten zun\u00e4chst in die Kessel-Alm bei Inzell ein. Am Freitag Abend organiserten unsere Voglinger Kameraden ein Weinfest im Festzelt. Die Stimmungskapelle \u201e14 Hoibe\u201c heizte das Zelt ordentlich ein. Nach einem ausgiebigen Fr\u00fchst\u00fcck in unseren Unterk\u00fcnften besichtigten wir das \u201eDokumentationszentrum Obersalzberg\u201c in unmittelbarer N\u00e4he des Kehlsteinhauses. Am Nachmittag legten wir noch eine l\u00e4ngere Pause am K\u00f6nigssee ein. Hier gab es die Gelegenheit zur Besichtigung der l\u00e4ngsten Bob-Rodelbahn Deutschlands in der \u201eDeutsche-Post-Eisarena K\u00f6nigssee\u201c oder zu einer Ausfahrt mit Schiff \u00fcber den K\u00f6nigssee bis nach St. Bartholom\u00e4. Am Samstag Abend erwartete uns wieder ein ausgiebigen Stimmungsabend im Festzelt mit der Kapelle \u201ed\u2019Jung Ottinger\u201c. Ein gro\u00dfer Festumzug mit Gottesdienst rundete das gelungene Wochende am Sonntag vormittag ab. Nach einem ausgiebigen Mittagessen mit bayerischen Schmankerln traten wir am Nachmittag die Heimreise \u00fcber den Chiemsee an.<\/p>\n<p>&nbsp;<\/p>\n<p><img decoding=\"async\" loading=\"lazy\" class=\"aligncenter size-medium wp-image-3762\" src=\"http:\/\/wp1189977.server-he.de\/wp\/wp-content\/uploads\/2018\/11\/IMG_20180622_210545-300x225.jpg\" alt=\"\" width=\"300\" height=\"225\" srcset=\"http:\/\/wp1189977.server-he.de\/wp\/wp-content\/uploads\/2018\/11\/IMG_20180622_210545-300x225.jpg 300w, http:\/\/wp1189977.server-he.de\/wp\/wp-content\/uploads\/2018\/11\/IMG_20180622_210545-768x576.jpg 768w, http:\/\/wp1189977.server-he.de\/wp\/wp-content\/uploads\/2018\/11\/IMG_20180622_210545-1024x768.jpg 1024w\" sizes=\"(max-width: 300px) 100vw, 300px\" \/><\/p>\n<p><img decoding=\"async\" loading=\"lazy\" class=\" wp-image-3758 alignleft\" src=\"http:\/\/wp1189977.server-he.de\/wp\/wp-content\/uploads\/2018\/11\/IMG_20180624_084224-300x225.jpg\" alt=\"\" width=\"294\" height=\"220\" srcset=\"http:\/\/wp1189977.server-he.de\/wp\/wp-content\/uploads\/2018\/11\/IMG_20180624_084224-300x225.jpg 300w, http:\/\/wp1189977.server-he.de\/wp\/wp-content\/uploads\/2018\/11\/IMG_20180624_084224-768x576.jpg 768w, http:\/\/wp1189977.server-he.de\/wp\/wp-content\/uploads\/2018\/11\/IMG_20180624_084224-1024x768.jpg 1024w\" sizes=\"(max-width: 294px) 100vw, 294px\" \/><\/p>\n<p><img decoding=\"async\" loading=\"lazy\" class=\"wp-image-3763 alignright\" src=\"http:\/\/wp1189977.server-he.de\/wp\/wp-content\/uploads\/2018\/11\/IMG_20180624_113931561-300x225.jpg\" alt=\"\" width=\"291\" height=\"219\" srcset=\"http:\/\/wp1189977.server-he.de\/wp\/wp-content\/uploads\/2018\/11\/IMG_20180624_113931561-300x225.jpg 300w, http:\/\/wp1189977.server-he.de\/wp\/wp-content\/uploads\/2018\/11\/IMG_20180624_113931561-768x576.jpg 768w, http:\/\/wp1189977.server-he.de\/wp\/wp-content\/uploads\/2018\/11\/IMG_20180624_113931561-1024x768.jpg 1024w\" sizes=\"(max-width: 291px) 100vw, 291px\" \/><\/p>\n<p>&nbsp;<\/p>\n<p><img decoding=\"async\" loading=\"lazy\" class=\"wp-image-3760 aligncenter\" src=\"http:\/\/wp1189977.server-he.de\/wp\/wp-content\/uploads\/2018\/11\/IMG-20180625-WA0011-300x169.jpg\" alt=\"\" width=\"317\" height=\"179\" srcset=\"http:\/\/wp1189977.server-he.de\/wp\/wp-content\/uploads\/2018\/11\/IMG-20180625-WA0011-300x169.jpg 300w, http:\/\/wp1189977.server-he.de\/wp\/wp-content\/uploads\/2018\/11\/IMG-20180625-WA0011-768x432.jpg 768w, http:\/\/wp1189977.server-he.de\/wp\/wp-content\/uploads\/2018\/11\/IMG-20180625-WA0011-1024x576.jpg 1024w, http:\/\/wp1189977.server-he.de\/wp\/wp-content\/uploads\/2018\/11\/IMG-20180625-WA0011.jpg 1328w\" sizes=\"(max-width: 317px) 100vw, 317px\" \/><\/p>\n<p><img decoding=\"async\" loading=\"lazy\" class=\"wp-image-3764 aligncenter\" src=\"http:\/\/wp1189977.server-he.de\/wp\/wp-content\/uploads\/2018\/11\/IMG-20180625-WA0013-300x169.jpg\" alt=\"\" width=\"316\" height=\"178\" srcset=\"http:\/\/wp1189977.server-he.de\/wp\/wp-content\/uploads\/2018\/11\/IMG-20180625-WA0013-300x169.jpg 300w, http:\/\/wp1189977.server-he.de\/wp\/wp-content\/uploads\/2018\/11\/IMG-20180625-WA0013-768x432.jpg 768w, http:\/\/wp1189977.server-he.de\/wp\/wp-content\/uploads\/2018\/11\/IMG-20180625-WA0013-1024x576.jpg 1024w, http:\/\/wp1189977.server-he.de\/wp\/wp-content\/uploads\/2018\/11\/IMG-20180625-WA0013.jpg 1328w\" sizes=\"(max-width: 316px) 100vw, 316px\" \/><\/p>\n<p>&nbsp;<\/p>\n<p>&nbsp;<\/p>\n<p><a href=\"http:\/\/wp1189977.server-he.de\/wp\/?p=3771\">Bildergalerie<\/a><\/p>\n<p>&nbsp;<\/p>\n<p>&nbsp;<\/p>\n","protected":false},"excerpt":{"rendered":"<p>&nbsp; Die FFW Uengershausen reiste anl\u00e4sslich des 125 j\u00e4hrigen Bestehens der FFW Vogling vom 22.06.2018 bis 24.06.2018 zu unseren Freunden in den sch\u00f6nen Chiemgau. Die Fahrt wurde im Reisebus durchgef\u00fchrt. Wir starteten am Freitag um 09:00 Uhr in Richtung Chiemgau &hellip; <a href=\"http:\/\/wp1189977.server-he.de\/wp\/?p=3739\">Weiterlesen <span class=\"meta-nav\">&rarr;<\/span><\/a><\/p>\n","protected":false},"author":8,"featured_media":0,"comment_status":"closed","ping_status":"closed","sticky":false,"template":"","format":"standard","meta":[],"categories":[1],"tags":[],"_links":{"self":[{"href":"http:\/\/wp1189977.server-he.de\/wp\/index.php?rest_route=\/wp\/v2\/posts\/3739"}],"collection":[{"href":"http:\/\/wp1189977.server-he.de\/wp\/index.php?rest_route=\/wp\/v2\/posts"}],"about":[{"href":"http:\/\/wp1189977.server-he.de\/wp\/index.php?rest_route=\/wp\/v2\/types\/post"}],"author":[{"embeddable":true,"href":"http:\/\/wp1189977.server-he.de\/wp\/index.php?rest_route=\/wp\/v2\/users\/8"}],"replies":[{"embeddable":true,"href":"http:\/\/wp1189977.server-he.de\/wp\/index.php?rest_route=%2Fwp%2Fv2%2Fcomments&post=3739"}],"version-history":[{"count":6,"href":"http:\/\/wp1189977.server-he.de\/wp\/index.php?rest_route=\/wp\/v2\/posts\/3739\/revisions"}],"predecessor-version":[{"id":3873,"href":"http:\/\/wp1189977.server-he.de\/wp\/index.php?rest_route=\/wp\/v2\/posts\/3739\/revisions\/3873"}],"wp:attachment":[{"href":"http:\/\/wp1189977.server-he.de\/wp\/index.php?rest_route=%2Fwp%2Fv2%2Fmedia&parent=3739"}],"wp:term":[{"taxonomy":"category","embeddable":true,"href":"http:\/\/wp1189977.server-he.de\/wp\/index.php?rest_route=%2Fwp%2Fv2%2Fcategories&post=3739"},{"taxonomy":"post_tag","embeddable":true,"href":"http:\/\/wp1189977.server-he.de\/wp\/index.php?rest_route=%2Fwp%2Fv2%2Ftags&post=3739"}],"curies":[{"name":"wp","href":"https:\/\/api.w.org\/{rel}","templated":true}]}}