{"id":3699,"date":"2018-11-24T02:15:10","date_gmt":"2018-11-23T23:15:10","guid":{"rendered":"http:\/\/wp1189977.server-he.de\/wp\/?p=3699"},"modified":"2019-10-12T01:26:39","modified_gmt":"2019-10-11T22:26:39","slug":"leistungsabzeichen-31-10-2018","status":"publish","type":"post","link":"http:\/\/wp1189977.server-he.de\/wp\/?p=3699","title":{"rendered":"Leistungsabzeichen 31.10.2018"},"content":{"rendered":"<p>Am 31.10.2018 fanden wieder Leistungsabzeichen in der Freiwilligen Feuerwehr Uengershausen statt. Unsere Wehr konnte wieder 2 Gruppen zur Teilnahme anmelden. Wir gratulieren allen teilnehmenden Aktiven zum bestandenen Leistungsabzeichen.<\/p>\n<h2><img decoding=\"async\" loading=\"lazy\" class=\"aligncenter wp-image-3697\" src=\"http:\/\/wp1189977.server-he.de\/wp\/wp-content\/uploads\/2018\/11\/IMG_1063-300x225.jpg\" alt=\"\" width=\"354\" height=\"265\" srcset=\"http:\/\/wp1189977.server-he.de\/wp\/wp-content\/uploads\/2018\/11\/IMG_1063-300x225.jpg 300w, http:\/\/wp1189977.server-he.de\/wp\/wp-content\/uploads\/2018\/11\/IMG_1063-768x576.jpg 768w, http:\/\/wp1189977.server-he.de\/wp\/wp-content\/uploads\/2018\/11\/IMG_1063-1024x768.jpg 1024w\" sizes=\"(max-width: 354px) 100vw, 354px\" \/><\/h2>\n<h2><img decoding=\"async\" loading=\"lazy\" class=\"wp-image-3695 alignleft\" src=\"http:\/\/wp1189977.server-he.de\/wp\/wp-content\/uploads\/2018\/11\/IMG_1044-300x225.jpg\" alt=\"\" width=\"292\" height=\"219\" srcset=\"http:\/\/wp1189977.server-he.de\/wp\/wp-content\/uploads\/2018\/11\/IMG_1044-300x225.jpg 300w, http:\/\/wp1189977.server-he.de\/wp\/wp-content\/uploads\/2018\/11\/IMG_1044-768x576.jpg 768w, http:\/\/wp1189977.server-he.de\/wp\/wp-content\/uploads\/2018\/11\/IMG_1044-1024x768.jpg 1024w\" sizes=\"(max-width: 292px) 100vw, 292px\" \/><\/h2>\n<p><img decoding=\"async\" loading=\"lazy\" class=\"wp-image-3696 alignright\" src=\"http:\/\/wp1189977.server-he.de\/wp\/wp-content\/uploads\/2018\/11\/IMG_1054-300x225.jpg\" alt=\"\" width=\"296\" height=\"222\" srcset=\"http:\/\/wp1189977.server-he.de\/wp\/wp-content\/uploads\/2018\/11\/IMG_1054-300x225.jpg 300w, http:\/\/wp1189977.server-he.de\/wp\/wp-content\/uploads\/2018\/11\/IMG_1054-768x576.jpg 768w, http:\/\/wp1189977.server-he.de\/wp\/wp-content\/uploads\/2018\/11\/IMG_1054-1024x768.jpg 1024w\" sizes=\"(max-width: 296px) 100vw, 296px\" \/><\/p>\n<p>&nbsp;<\/p>\n<p>&nbsp;<\/p>\n<p>&nbsp;<\/p>\n<p>&nbsp;<\/p>\n<p>&nbsp;<\/p>\n<p>&nbsp;<\/p>\n<p>Die \u00dcberreichung der Abzeichen erfolgte durch den Kreisbrandmeister Dieter Sch\u00f6ll, w\u00e4hrend der Generalversammlung am 18. Januar 2019.<\/p>\n<p>&nbsp;<\/p>\n<p><img decoding=\"async\" loading=\"lazy\" class=\"aligncenter size-medium wp-image-4000\" src=\"http:\/\/wp1189977.server-he.de\/wp\/wp-content\/uploads\/2019\/10\/IMG_1153-1-300x225.jpg\" alt=\"\" width=\"300\" height=\"225\" srcset=\"http:\/\/wp1189977.server-he.de\/wp\/wp-content\/uploads\/2019\/10\/IMG_1153-1-300x225.jpg 300w, http:\/\/wp1189977.server-he.de\/wp\/wp-content\/uploads\/2019\/10\/IMG_1153-1-768x576.jpg 768w, http:\/\/wp1189977.server-he.de\/wp\/wp-content\/uploads\/2019\/10\/IMG_1153-1-1024x768.jpg 1024w\" sizes=\"(max-width: 300px) 100vw, 300px\" \/><\/p>\n<p><a href=\"http:\/\/wp1189977.server-he.de\/wp\/?p=3702\">Bildergalerie<\/a><\/p>\n<p>&nbsp;<\/p>\n","protected":false},"excerpt":{"rendered":"<p>Am 31.10.2018 fanden wieder Leistungsabzeichen in der Freiwilligen Feuerwehr Uengershausen statt. Unsere Wehr konnte wieder 2 Gruppen zur Teilnahme anmelden. Wir gratulieren allen teilnehmenden Aktiven zum bestandenen Leistungsabzeichen. &nbsp; &nbsp; &nbsp; &nbsp; &nbsp; &nbsp; Die \u00dcberreichung der Abzeichen erfolgte durch &hellip; <a href=\"http:\/\/wp1189977.server-he.de\/wp\/?p=3699\">Weiterlesen <span class=\"meta-nav\">&rarr;<\/span><\/a><\/p>\n","protected":false},"author":8,"featured_media":0,"comment_status":"closed","ping_status":"closed","sticky":false,"template":"","format":"standard","meta":[],"categories":[1],"tags":[],"_links":{"self":[{"href":"http:\/\/wp1189977.server-he.de\/wp\/index.php?rest_route=\/wp\/v2\/posts\/3699"}],"collection":[{"href":"http:\/\/wp1189977.server-he.de\/wp\/index.php?rest_route=\/wp\/v2\/posts"}],"about":[{"href":"http:\/\/wp1189977.server-he.de\/wp\/index.php?rest_route=\/wp\/v2\/types\/post"}],"author":[{"embeddable":true,"href":"http:\/\/wp1189977.server-he.de\/wp\/index.php?rest_route=\/wp\/v2\/users\/8"}],"replies":[{"embeddable":true,"href":"http:\/\/wp1189977.server-he.de\/wp\/index.php?rest_route=%2Fwp%2Fv2%2Fcomments&post=3699"}],"version-history":[{"count":6,"href":"http:\/\/wp1189977.server-he.de\/wp\/index.php?rest_route=\/wp\/v2\/posts\/3699\/revisions"}],"predecessor-version":[{"id":4021,"href":"http:\/\/wp1189977.server-he.de\/wp\/index.php?rest_route=\/wp\/v2\/posts\/3699\/revisions\/4021"}],"wp:attachment":[{"href":"http:\/\/wp1189977.server-he.de\/wp\/index.php?rest_route=%2Fwp%2Fv2%2Fmedia&parent=3699"}],"wp:term":[{"taxonomy":"category","embeddable":true,"href":"http:\/\/wp1189977.server-he.de\/wp\/index.php?rest_route=%2Fwp%2Fv2%2Fcategories&post=3699"},{"taxonomy":"post_tag","embeddable":true,"href":"http:\/\/wp1189977.server-he.de\/wp\/index.php?rest_route=%2Fwp%2Fv2%2Ftags&post=3699"}],"curies":[{"name":"wp","href":"https:\/\/api.w.org\/{rel}","templated":true}]}}