{"id":3642,"date":"2018-05-24T23:28:38","date_gmt":"2018-05-24T20:28:38","guid":{"rendered":"http:\/\/wp1189977.server-he.de\/wp\/?p=3642"},"modified":"2018-05-24T23:34:48","modified_gmt":"2018-05-24T20:34:48","slug":"tag-der-offenen-tur-20-05-2018","status":"publish","type":"post","link":"http:\/\/wp1189977.server-he.de\/wp\/?p=3642","title":{"rendered":"Tag der offenen T\u00fcr 20.05.2018"},"content":{"rendered":"<p>&nbsp;<\/p>\n<p><img decoding=\"async\" loading=\"lazy\" class=\"aligncenter\" title=\"\" src=\"http:\/\/wp1189977.server-he.de\/wp\/wp-content\/uploads\/2018\/05\/Publikation1-212x300.jpg\" alt=\"\" width=\"212\" height=\"300\" \/><\/p>\n<p>&nbsp;<\/p>\n<p>Am<strong> Pfingstsonntag, den 20.05.2018<\/strong> veranstalteten wir wieder unseren allj\u00e4hrlichen Tag der offenen T\u00fcr am Feuerwehrhaus Uengershausen. Neben unserer Fahrzeugschau und Ausstellung von Einsatztechnik\u00a0 boten wir auch wieder Informatives rund um das Thema Feuerwehr sowie ein attraktives Kinder- und Familienprogramm mit H\u00fcpfburg und Wasserspielen. Leckeres vom Grill sowie Kaffee und Kuchen wurden von unseren flei\u00dfigen Helfern zubereitet. Als besondere Attraktion zeigten wir diesmal f\u00fcr unsere G\u00e4ste eine Vorf\u00fchrung der Atemschutztechnik, die mittlerweile f\u00fcr eine Feuerwehr einen unerl\u00e4sslichen Rahmen darstellt.<\/p>\n<p style=\"text-align: center;\"><img decoding=\"async\" loading=\"lazy\" src=\"http:\/\/wp1189977.server-he.de\/wp\/wp-content\/uploads\/2018\/05\/HPIM0910-300x228.jpg\" alt=\"\" width=\"320\" height=\"236\" \/><\/p>\n<p style=\"text-align: center;\"><img decoding=\"async\" loading=\"lazy\" class=\"aligncenter\" src=\"http:\/\/wp1189977.server-he.de\/wp\/wp-content\/uploads\/2018\/05\/HPIM0924-300x228.jpg\" alt=\"\" width=\"320\" height=\"218\" \/><\/p>\n<p><span style=\"color: #ffffff;\">.<\/span><\/p>\n<p>Geehrt wurden f\u00fcr jeweils 50-J\u00e4hrige Mitgliedschaft unser 1. Vorstand Hans Bruder und Feuerwehrkamerad Werner Laubmeier.<\/p>\n<div style=\"width: 310px\" class=\"wp-caption aligncenter\"><img decoding=\"async\" loading=\"lazy\" class=\"    \" src=\"http:\/\/wp1189977.server-he.de\/wp\/wp-content\/uploads\/2018\/05\/HPIM0922-300x228.jpg\" alt=\"\" width=\"300\" height=\"228\" \/><p class=\"wp-caption-text\">Ehrungen Werner Laubmeier, Hans Bruder; im Bild v.l.n.r. 2. Kdt. Johannes Lang, 2. Vorstand Joachim Stock, Werner Laubmeier, 1. Vorstand Hans Bruder, 1. Kdt. Sebastian Adrio<\/p><\/div>\n<p>&nbsp;<\/p>\n<p>&nbsp;<\/p>\n<p><a title=\"Tag der offenen T\u00fcr 2018\" href=\"http:\/\/wp1189977.server-he.de\/wp\/?p=3624\">Bildergalerie<\/a><\/p>\n<p>&nbsp;<\/p>\n","protected":false},"excerpt":{"rendered":"<p>&nbsp; &nbsp; Am Pfingstsonntag, den 20.05.2018 veranstalteten wir wieder unseren allj\u00e4hrlichen Tag der offenen T\u00fcr am Feuerwehrhaus Uengershausen. Neben unserer Fahrzeugschau und Ausstellung von Einsatztechnik\u00a0 boten wir auch wieder Informatives rund um das Thema Feuerwehr sowie ein attraktives Kinder- und &hellip; <a href=\"http:\/\/wp1189977.server-he.de\/wp\/?p=3642\">Weiterlesen <span class=\"meta-nav\">&rarr;<\/span><\/a><\/p>\n","protected":false},"author":8,"featured_media":0,"comment_status":"closed","ping_status":"closed","sticky":false,"template":"","format":"standard","meta":[],"categories":[1],"tags":[],"_links":{"self":[{"href":"http:\/\/wp1189977.server-he.de\/wp\/index.php?rest_route=\/wp\/v2\/posts\/3642"}],"collection":[{"href":"http:\/\/wp1189977.server-he.de\/wp\/index.php?rest_route=\/wp\/v2\/posts"}],"about":[{"href":"http:\/\/wp1189977.server-he.de\/wp\/index.php?rest_route=\/wp\/v2\/types\/post"}],"author":[{"embeddable":true,"href":"http:\/\/wp1189977.server-he.de\/wp\/index.php?rest_route=\/wp\/v2\/users\/8"}],"replies":[{"embeddable":true,"href":"http:\/\/wp1189977.server-he.de\/wp\/index.php?rest_route=%2Fwp%2Fv2%2Fcomments&post=3642"}],"version-history":[{"count":9,"href":"http:\/\/wp1189977.server-he.de\/wp\/index.php?rest_route=\/wp\/v2\/posts\/3642\/revisions"}],"predecessor-version":[{"id":3658,"href":"http:\/\/wp1189977.server-he.de\/wp\/index.php?rest_route=\/wp\/v2\/posts\/3642\/revisions\/3658"}],"wp:attachment":[{"href":"http:\/\/wp1189977.server-he.de\/wp\/index.php?rest_route=%2Fwp%2Fv2%2Fmedia&parent=3642"}],"wp:term":[{"taxonomy":"category","embeddable":true,"href":"http:\/\/wp1189977.server-he.de\/wp\/index.php?rest_route=%2Fwp%2Fv2%2Fcategories&post=3642"},{"taxonomy":"post_tag","embeddable":true,"href":"http:\/\/wp1189977.server-he.de\/wp\/index.php?rest_route=%2Fwp%2Fv2%2Ftags&post=3642"}],"curies":[{"name":"wp","href":"https:\/\/api.w.org\/{rel}","templated":true}]}}