{"id":3357,"date":"2017-06-22T23:22:39","date_gmt":"2017-06-22T20:22:39","guid":{"rendered":"http:\/\/wp1189977.server-he.de\/wp\/?p=3357"},"modified":"2018-02-28T00:33:56","modified_gmt":"2018-02-27T21:33:56","slug":"tag-der-offenen-tur-04-06-2017","status":"publish","type":"post","link":"http:\/\/wp1189977.server-he.de\/wp\/?p=3357","title":{"rendered":"Tag der offenen T\u00fcr 04.06.2017"},"content":{"rendered":"<p>&nbsp;<\/p>\n<p><a title=\"Tag der offenen T\u00fcr und Fahrzeugweihe 04.06.2017\" href=\"http:\/\/wp1189977.server-he.de\/wp\/?p=3367\">Bildergalerie<\/a><\/p>\n<p>&nbsp;<\/p>\n<p><img decoding=\"async\" loading=\"lazy\" class=\"aligncenter\" title=\"Tag der offenen T\u00fcr\" src=\"http:\/\/wp1189977.server-he.de\/wp\/wp-content\/uploads\/2017\/04\/Publikation2017-212x300.jpg\" alt=\"\" width=\"212\" height=\"300\" \/><\/p>\n<p>&nbsp;<\/p>\n<p>Am <strong>Pfingstsonntag,\u00a0 den 04. Juni 2017 <\/strong>veranstalteten wir unseren 6. Tag der offenen T\u00fcr und \u00f6ffneten wieder T\u00fcr und Tor rund um das Feuerwehrhaus.<\/p>\n<p>&nbsp;<\/p>\n<p>Der H\u00f6hepunkt des Tages war diesmal nat\u00fcrlich die Fahrzeugweihung und offizielle \u00dcbergabe unseres neuen TSF-W, der neue Stolz unserer Feuerwehr. Um 09:30 Uhr starteten wir das Fest mit einem Gottesdienst in der evangelischen Kirche in Uengershausen. Anschlie\u00dfend f\u00fchrte unser Ortspfarrer Matthias Pen\u00dfel die Segnung des neuen Einsatzfahrzeuges am Feuerwehrhaus durch. Nach dem Mittagessen standen Auszeichnungen von langj\u00e4hrigen Mitgliedern auf dem Programm. Die \u00dcbergabe der staatlichen Ehrenzeichen f\u00fchrte die stellvertretende Landr\u00e4tin Karen Heu\u00dfner gemeinsam mit Kreisbrandrat Michael Reitzenstein im Auftrag des bayerischen Innenministers Joachim Hermann durch.<\/p>\n<div style=\"width: 235px\" class=\"wp-caption aligncenter\"><img decoding=\"async\" loading=\"lazy\" class=\"  \" title=\"Freiwillige Feuerwehr Uengershausen TSF-W\" src=\"http:\/\/wp1189977.server-he.de\/wp\/wp-content\/uploads\/2017\/06\/IMG_9320-225x300.jpg\" alt=\"\" width=\"225\" height=\"300\" \/><p class=\"wp-caption-text\">Unser neues Einsatzfahrzeug TSF-W<\/p><\/div>\n<p><span style=\"color: #ffffff;\">.<\/span><\/p>\n<p>Das Technische Hilfswerk (THW) konnten wir dieses Jahr f\u00fcr einen Besuch auf unserem Fest gewinnen. Neben einem Infostand stellte das THW Einsatzfahrzeuge und Ger\u00e4tschaften auf dem Festgel\u00e4nde aus. Abgerundet wurde der Besuch durch eine Vorf\u00fchrung am Nachmittag.<\/p>\n<div id=\"attachment_3342\" style=\"width: 235px\" class=\"wp-caption aligncenter\"><img aria-describedby=\"caption-attachment-3342\" decoding=\"async\" loading=\"lazy\" class=\"size-medium wp-image-3342\" title=\"THW\" src=\"http:\/\/wp1189977.server-he.de\/wp\/wp-content\/uploads\/2017\/06\/IMG_9461-225x300.jpg\" alt=\"\" width=\"225\" height=\"300\" srcset=\"http:\/\/wp1189977.server-he.de\/wp\/wp-content\/uploads\/2017\/06\/IMG_9461-225x300.jpg 225w, http:\/\/wp1189977.server-he.de\/wp\/wp-content\/uploads\/2017\/06\/IMG_9461.jpg 576w\" sizes=\"(max-width: 225px) 100vw, 225px\" \/><p id=\"caption-attachment-3342\" class=\"wp-caption-text\">Vorf\u00fchrung THW<\/p><\/div>\n<p>&nbsp;<\/p>\n<p>Bis in die sp\u00e4ten Abendstunden hinein verweilten unsere G\u00e4ste und wurden bestens mit Speis und Trank durch unsere flei\u00dfigen Helferinnen und Helfer versorgt.<\/p>\n<p>&nbsp;<\/p>\n<h2><span style=\"text-decoration: underline;\">Ehrungen und Auszeichnungen:<\/span><\/h2>\n<p>&nbsp;<\/p>\n<p>Das staatliche Ehrenzeichen in Gold f\u00fcr 40-j\u00e4hrige aktive Mitgliedschaft \u00fcberreichte die stellvertretende Landr\u00e4tin Karen Heu\u00dfner und KBR Michael Reitzenstein im Auftrag des bayerischen Innenministers Joachim Hermann an Roland Hofmann, Gernot Lober und den ehemaligen 1. Kommandanten Klaus Veeh.<\/p>\n<p>&nbsp;<\/p>\n<div id=\"attachment_3340\" style=\"width: 310px\" class=\"wp-caption aligncenter\"><img aria-describedby=\"caption-attachment-3340\" decoding=\"async\" loading=\"lazy\" class=\"size-medium wp-image-3340\" title=\"Staatliches Ehrenzeichen\" src=\"http:\/\/wp1189977.server-he.de\/wp\/wp-content\/uploads\/2017\/06\/IMG_9414-300x225.jpg\" alt=\"\" width=\"300\" height=\"225\" srcset=\"http:\/\/wp1189977.server-he.de\/wp\/wp-content\/uploads\/2017\/06\/IMG_9414-300x225.jpg 300w, http:\/\/wp1189977.server-he.de\/wp\/wp-content\/uploads\/2017\/06\/IMG_9414.jpg 1024w\" sizes=\"(max-width: 300px) 100vw, 300px\" \/><p id=\"caption-attachment-3340\" class=\"wp-caption-text\">KBR Michael Reitzenstein, 2. Kdt. Johannes Lang, stellv. Landr\u00e4tin Karen Heu\u00dfner, ehem. Kdt. Klaus Veeh, KBM Dieter Sch\u00f6ll, Roland Hofmann, 1. Kdt. Sebastian Adrio, BGM Stefan Hemmerich, KBI Heiko Drexel<\/p><\/div>\n<p>&nbsp;<\/p>\n<p>Als Dank f\u00fcr ihr ehrenamtliches Engagement winkt den geehrten Kameraden dieser Auszeichnung durch das bayerische Innenministerium ein einw\u00f6chiger Aufenthalt im Feuerwehrerholungsheim Bayerisch Gmain. Der Markt dankt f\u00fcr die Unterst\u00fctzung im aktiven Feuerwehrdienst den ehrenamtlichen Aktiven und \u00fcbernimmt die Kosten des Aufenthaltes f\u00fcr deren Partner.<\/p>\n<p align=\"center\"><span style=\"color: #ffffff;\">.<\/span><\/p>\n<p>Ehrungen des Vereins \u00fcberreichte 1. Vorstand Hans Bruder gemeinsam mit den beiden Kommandanten Sebastian Adrio und Johannes Lang. Geehrt wurden f\u00fcr 25 Jahre Ralf Schober und Thomas Schwab, f\u00fcr 50 Jahre Georg D\u00fcrr und Hermann Veeh und f\u00fcr 60-j\u00e4hrige Mitgliedschaft dankte man Alfred Landeck und Gottfried Zimmermann.<\/p>\n<div id=\"attachment_3341\" style=\"width: 310px\" class=\"wp-caption aligncenter\"><img aria-describedby=\"caption-attachment-3341\" decoding=\"async\" loading=\"lazy\" class=\"size-medium wp-image-3341\" title=\"Vereinsehrungen\" src=\"http:\/\/wp1189977.server-he.de\/wp\/wp-content\/uploads\/2017\/06\/IMG_9445-300x225.jpg\" alt=\"\" width=\"300\" height=\"225\" srcset=\"http:\/\/wp1189977.server-he.de\/wp\/wp-content\/uploads\/2017\/06\/IMG_9445-300x225.jpg 300w, http:\/\/wp1189977.server-he.de\/wp\/wp-content\/uploads\/2017\/06\/IMG_9445.jpg 1024w\" sizes=\"(max-width: 300px) 100vw, 300px\" \/><p id=\"caption-attachment-3341\" class=\"wp-caption-text\">Vereinsehrungen, v.l.n.r. 1. Vorstand Hans Bruder, 1. Kdt. Sebastian Adrio, 2. Kdt. Johannes Lang, Alfred Landeck, Hermann Veeh, Ralf Schober, Thomas Schwab, BGM Stefan Hemmerich, Gottfried Zimmermann, Georg D\u00fcrr<\/p><\/div>\n<p>&nbsp;<\/p>\n<p><a title=\"Tag der offenen T\u00fcr und Fahrzeugweihe 04.06.2017\" href=\"http:\/\/wp1189977.server-he.de\/wp\/?p=3367\">zur Bildergalerie<\/a><\/p>\n<p>&nbsp;<\/p>\n<p>&nbsp;<\/p>\n","protected":false},"excerpt":{"rendered":"<p>&nbsp; Bildergalerie &nbsp; &nbsp; Am Pfingstsonntag,\u00a0 den 04. Juni 2017 veranstalteten wir unseren 6. Tag der offenen T\u00fcr und \u00f6ffneten wieder T\u00fcr und Tor rund um das Feuerwehrhaus. &nbsp; Der H\u00f6hepunkt des Tages war diesmal nat\u00fcrlich die Fahrzeugweihung und offizielle &hellip; <a href=\"http:\/\/wp1189977.server-he.de\/wp\/?p=3357\">Weiterlesen <span class=\"meta-nav\">&rarr;<\/span><\/a><\/p>\n","protected":false},"author":8,"featured_media":3502,"comment_status":"closed","ping_status":"closed","sticky":false,"template":"","format":"standard","meta":[],"categories":[1],"tags":[],"_links":{"self":[{"href":"http:\/\/wp1189977.server-he.de\/wp\/index.php?rest_route=\/wp\/v2\/posts\/3357"}],"collection":[{"href":"http:\/\/wp1189977.server-he.de\/wp\/index.php?rest_route=\/wp\/v2\/posts"}],"about":[{"href":"http:\/\/wp1189977.server-he.de\/wp\/index.php?rest_route=\/wp\/v2\/types\/post"}],"author":[{"embeddable":true,"href":"http:\/\/wp1189977.server-he.de\/wp\/index.php?rest_route=\/wp\/v2\/users\/8"}],"replies":[{"embeddable":true,"href":"http:\/\/wp1189977.server-he.de\/wp\/index.php?rest_route=%2Fwp%2Fv2%2Fcomments&post=3357"}],"version-history":[{"count":17,"href":"http:\/\/wp1189977.server-he.de\/wp\/index.php?rest_route=\/wp\/v2\/posts\/3357\/revisions"}],"predecessor-version":[{"id":3595,"href":"http:\/\/wp1189977.server-he.de\/wp\/index.php?rest_route=\/wp\/v2\/posts\/3357\/revisions\/3595"}],"wp:featuredmedia":[{"embeddable":true,"href":"http:\/\/wp1189977.server-he.de\/wp\/index.php?rest_route=\/wp\/v2\/media\/3502"}],"wp:attachment":[{"href":"http:\/\/wp1189977.server-he.de\/wp\/index.php?rest_route=%2Fwp%2Fv2%2Fmedia&parent=3357"}],"wp:term":[{"taxonomy":"category","embeddable":true,"href":"http:\/\/wp1189977.server-he.de\/wp\/index.php?rest_route=%2Fwp%2Fv2%2Fcategories&post=3357"},{"taxonomy":"post_tag","embeddable":true,"href":"http:\/\/wp1189977.server-he.de\/wp\/index.php?rest_route=%2Fwp%2Fv2%2Ftags&post=3357"}],"curies":[{"name":"wp","href":"https:\/\/api.w.org\/{rel}","templated":true}]}}