{"id":3297,"date":"2017-04-23T17:06:45","date_gmt":"2017-04-23T14:06:45","guid":{"rendered":"http:\/\/wp1189977.server-he.de\/wp\/?p=3297"},"modified":"2017-07-01T20:11:22","modified_gmt":"2017-07-01T17:11:22","slug":"neues-einsatzfahrzeug-fur-die-ffw-19-20-12-2016","status":"publish","type":"post","link":"http:\/\/wp1189977.server-he.de\/wp\/?p=3297","title":{"rendered":"Neues TSF-W f\u00fcr die FFW &#8211; 19.\/20.12.2016"},"content":{"rendered":"<p><img decoding=\"async\" loading=\"lazy\" class=\"aligncenter size-medium wp-image-3271\" title=\"\" src=\"http:\/\/wp1189977.server-he.de\/wp\/wp-content\/uploads\/2017\/04\/DSCF0709-KOPIE-300x180.jpg\" alt=\"\" width=\"300\" height=\"180\" srcset=\"http:\/\/wp1189977.server-he.de\/wp\/wp-content\/uploads\/2017\/04\/DSCF0709-KOPIE-300x180.jpg 300w, http:\/\/wp1189977.server-he.de\/wp\/wp-content\/uploads\/2017\/04\/DSCF0709-KOPIE.jpg 640w\" sizes=\"(max-width: 300px) 100vw, 300px\" \/><\/p>\n<p>&nbsp;<\/p>\n<p>Am 19.\/20. Dezember fuhr der erste B\u00fcrgermeister Stefan Hemmerich, die beiden Kommandanten Sebastian Adrio und Johannes Lang und eine Abordnung der Freiwilligen Feuerwehr Uengershausen nach G\u00f6rlitz zur BTG (Brandschutztechnik G\u00f6rlitz GmbH) um das lang ersehnte neue Einsatzfahrzeug abzuholen.<\/p>\n<p>Das TSF-W, mit einem Fahrgestell des Herstellers IVECO, bekam den abgestimmten Aufbau in Vollaluminiumbauweise, mit passgenauer Lagerungskonstruktion f\u00fcr die Ausr\u00fcstung und eine blendfreie Umfeldbeleuchtung, sowie gro\u00dffl\u00e4chige Rolll\u00e4den f\u00fcr einen optimalen Zugang zu Ger\u00e4ter\u00e4umen. Auch die optischen und akustischen Sondersignale, die Lackierung und Beklebung wurden dort vorgenommen.<\/p>\n<p style=\"text-align: center;\">\u00a0<img decoding=\"async\" loading=\"lazy\" class=\"aligncenter\" src=\"http:\/\/wp1189977.server-he.de\/wp\/wp-content\/uploads\/2017\/04\/DSCF0714-300x168.jpg\" alt=\"\" width=\"300\" height=\"168\" \/><\/p>\n<p>Nach dem Abschlie\u00dfen der Formalit\u00e4ten und Besichtigung der Montagehallen wurde am Nachmittag die Beladung abgeglichen und die Lage der Ger\u00e4tschaften und der Ausr\u00fcstung vorgezeigt.<\/p>\n<p>Am n\u00e4chsten Morgen ging es weiter mit der technischen Einweisung, der Lichtmast, die Sonder- und Zusatzausstattung in der Fahrzeugkabine wurden getestet und eine Einweisungsfahrt\u00a0 unter fachkundiger Anleitung durch G\u00f6rlitz, um sich mit dem Fahrverhalten vertraut zu machen, durchgef\u00fchrt.<\/p>\n<p>An unserem Tag der offenen T\u00fcr, Pfingstsonntag, 04.06.2017 ist die offizielle \u00dcbergabe des neuen Feuerwehrfahrzeuges. Wir freuen uns schon jetzt, sie alle recht zahlreich begr\u00fc\u00dfen zu d\u00fcrfen.<\/p>\n<p><a title=\"Bildergalerie Abholung IVECO TSF-W\" href=\"http:\/\/wp1189977.server-he.de\/wp\/?p=3299\" target=\"_blank\">Bildergalerie<\/a><\/p>\n","protected":false},"excerpt":{"rendered":"<p>&nbsp; Am 19.\/20. Dezember fuhr der erste B\u00fcrgermeister Stefan Hemmerich, die beiden Kommandanten Sebastian Adrio und Johannes Lang und eine Abordnung der Freiwilligen Feuerwehr Uengershausen nach G\u00f6rlitz zur BTG (Brandschutztechnik G\u00f6rlitz GmbH) um das lang ersehnte neue Einsatzfahrzeug abzuholen. Das &hellip; <a href=\"http:\/\/wp1189977.server-he.de\/wp\/?p=3297\">Weiterlesen <span class=\"meta-nav\">&rarr;<\/span><\/a><\/p>\n","protected":false},"author":8,"featured_media":3503,"comment_status":"closed","ping_status":"closed","sticky":false,"template":"","format":"standard","meta":[],"categories":[1],"tags":[],"_links":{"self":[{"href":"http:\/\/wp1189977.server-he.de\/wp\/index.php?rest_route=\/wp\/v2\/posts\/3297"}],"collection":[{"href":"http:\/\/wp1189977.server-he.de\/wp\/index.php?rest_route=\/wp\/v2\/posts"}],"about":[{"href":"http:\/\/wp1189977.server-he.de\/wp\/index.php?rest_route=\/wp\/v2\/types\/post"}],"author":[{"embeddable":true,"href":"http:\/\/wp1189977.server-he.de\/wp\/index.php?rest_route=\/wp\/v2\/users\/8"}],"replies":[{"embeddable":true,"href":"http:\/\/wp1189977.server-he.de\/wp\/index.php?rest_route=%2Fwp%2Fv2%2Fcomments&post=3297"}],"version-history":[{"count":10,"href":"http:\/\/wp1189977.server-he.de\/wp\/index.php?rest_route=\/wp\/v2\/posts\/3297\/revisions"}],"predecessor-version":[{"id":3326,"href":"http:\/\/wp1189977.server-he.de\/wp\/index.php?rest_route=\/wp\/v2\/posts\/3297\/revisions\/3326"}],"wp:featuredmedia":[{"embeddable":true,"href":"http:\/\/wp1189977.server-he.de\/wp\/index.php?rest_route=\/wp\/v2\/media\/3503"}],"wp:attachment":[{"href":"http:\/\/wp1189977.server-he.de\/wp\/index.php?rest_route=%2Fwp%2Fv2%2Fmedia&parent=3297"}],"wp:term":[{"taxonomy":"category","embeddable":true,"href":"http:\/\/wp1189977.server-he.de\/wp\/index.php?rest_route=%2Fwp%2Fv2%2Fcategories&post=3297"},{"taxonomy":"post_tag","embeddable":true,"href":"http:\/\/wp1189977.server-he.de\/wp\/index.php?rest_route=%2Fwp%2Fv2%2Ftags&post=3297"}],"curies":[{"name":"wp","href":"https:\/\/api.w.org\/{rel}","templated":true}]}}