{"id":3247,"date":"2017-04-23T13:12:43","date_gmt":"2017-04-23T10:12:43","guid":{"rendered":"http:\/\/wp1189977.server-he.de\/wp\/?p=3247"},"modified":"2017-06-23T00:05:30","modified_gmt":"2017-06-22T21:05:30","slug":"leistungsabzeichen-am-18-11-2016-und-02-12-2016","status":"publish","type":"post","link":"http:\/\/wp1189977.server-he.de\/wp\/?p=3247","title":{"rendered":"Leistungsabzeichen am 18.11.2016 und 02.12.2016"},"content":{"rendered":"<p>Am 18. November und am 02. Dezember 2016 fanden in der Freiwilligen Feuerwehr Uengershausen wieder Leistungsabzeichen statt, deren Auszeichnungen im Rahmen der Generalversammlung am 20. Januar 2017 von Kreisbrandmeister Diester Sch\u00f6ll und B\u00fcrgermeister Stefan Hemmerich \u00fcberreicht wurden.<\/p>\n<p><a href=\"http:\/\/wp1189977.server-he.de\/wp\/wp-content\/uploads\/2017\/04\/HPIM0844-KOPIE-Kopie.jpg\" target=\"_blank\"><img decoding=\"async\" loading=\"lazy\" title=\"Leistungsabzeichen 2016\" src=\"http:\/\/wp1189977.server-he.de\/wp\/wp-content\/uploads\/2017\/04\/HPIM0844-KOPIE-Kopie-1024x496.jpg\" alt=\"\" width=\"640\" height=\"310\" \/><\/a><\/p>\n<p>&nbsp;<\/p>\n<p>hier gehts zur <a title=\"Leistungsabzeichen 2016\" href=\"http:\/\/wp1189977.server-he.de\/wp\/?p=3159\" target=\"_blank\">Bildergalerie<\/a><\/p>\n<p>&nbsp;<\/p>\n<p>Wir begl\u00fcckw\u00fcnschen unsere Kameraden zur bestandenen Leistungspr\u00fcfung:<\/p>\n<p>II. Kommandant Johannes Lang (Gold-Blau), Jan-Peter Steinmetz (Gold-Blau), Sebastian Lober (Silber), Tobias Kranz (Gold-Gr\u00fcn), Selina Schimmel (Bronze), Andreas Kohmann (Gold-Gr\u00fcn), Katja H\u00fcgelsch\u00e4ffer (Bronze), Florian Kohmann (Gold), Julia Kranz (Bronze), Holger Landeck (Gold), Stefan Kohmann (Gold-Blau), Melanie Veeh (Bronze), Dominik Landeck (Gold-Gr\u00fcn), Daniel Dietrich (Bronze), Benjamin Thorwarth (Gold-Gr\u00fcn), \u00a0Christian Bogs (Gold-Gr\u00fcn) und Oliver Veeh (Silber)<\/p>\n<p>&nbsp;<\/p>\n","protected":false},"excerpt":{"rendered":"<p>Am 18. November und am 02. Dezember 2016 fanden in der Freiwilligen Feuerwehr Uengershausen wieder Leistungsabzeichen statt, deren Auszeichnungen im Rahmen der Generalversammlung am 20. Januar 2017 von Kreisbrandmeister Diester Sch\u00f6ll und B\u00fcrgermeister Stefan Hemmerich \u00fcberreicht wurden. &nbsp; hier gehts &hellip; <a href=\"http:\/\/wp1189977.server-he.de\/wp\/?p=3247\">Weiterlesen <span class=\"meta-nav\">&rarr;<\/span><\/a><\/p>\n","protected":false},"author":8,"featured_media":3492,"comment_status":"closed","ping_status":"closed","sticky":false,"template":"","format":"standard","meta":[],"categories":[1],"tags":[],"_links":{"self":[{"href":"http:\/\/wp1189977.server-he.de\/wp\/index.php?rest_route=\/wp\/v2\/posts\/3247"}],"collection":[{"href":"http:\/\/wp1189977.server-he.de\/wp\/index.php?rest_route=\/wp\/v2\/posts"}],"about":[{"href":"http:\/\/wp1189977.server-he.de\/wp\/index.php?rest_route=\/wp\/v2\/types\/post"}],"author":[{"embeddable":true,"href":"http:\/\/wp1189977.server-he.de\/wp\/index.php?rest_route=\/wp\/v2\/users\/8"}],"replies":[{"embeddable":true,"href":"http:\/\/wp1189977.server-he.de\/wp\/index.php?rest_route=%2Fwp%2Fv2%2Fcomments&post=3247"}],"version-history":[{"count":14,"href":"http:\/\/wp1189977.server-he.de\/wp\/index.php?rest_route=\/wp\/v2\/posts\/3247\/revisions"}],"predecessor-version":[{"id":3320,"href":"http:\/\/wp1189977.server-he.de\/wp\/index.php?rest_route=\/wp\/v2\/posts\/3247\/revisions\/3320"}],"wp:featuredmedia":[{"embeddable":true,"href":"http:\/\/wp1189977.server-he.de\/wp\/index.php?rest_route=\/wp\/v2\/media\/3492"}],"wp:attachment":[{"href":"http:\/\/wp1189977.server-he.de\/wp\/index.php?rest_route=%2Fwp%2Fv2%2Fmedia&parent=3247"}],"wp:term":[{"taxonomy":"category","embeddable":true,"href":"http:\/\/wp1189977.server-he.de\/wp\/index.php?rest_route=%2Fwp%2Fv2%2Fcategories&post=3247"},{"taxonomy":"post_tag","embeddable":true,"href":"http:\/\/wp1189977.server-he.de\/wp\/index.php?rest_route=%2Fwp%2Fv2%2Ftags&post=3247"}],"curies":[{"name":"wp","href":"https:\/\/api.w.org\/{rel}","templated":true}]}}